{"id":21946,"date":"2015-06-23T16:35:10","date_gmt":"2015-06-23T22:35:10","guid":{"rendered":"http:\/\/www.forum-polonia-houston.com\/?p=21946"},"modified":"2015-06-23T16:44:32","modified_gmt":"2015-06-23T22:44:32","slug":"konfederacka-flaga-wywiad-z-dr-ewa-thompson","status":"publish","type":"post","link":"https:\/\/forum-polonia-houston.com\/?p=21946","title":{"rendered":"Konfederacka Flaga &#8211; wywiad z Dr. Ew\u0105 Thompson"},"content":{"rendered":"<p>&#8220;Rzeczpospolita&#8221; opublikowa\u0142a wywiad z Dr. Ew\u0105 Thompson na temat flagi Konfederat\u00f3w:<\/p>\n<div class='et-box et-shadow'>\n\t\t\t\t\t<div class='et-box-content'><strong>Rzeczpospolita:<\/strong> Po tragedii w Charleston gubernator Karoliny Po\u0142udniowej Nikki Haley zaapelowa\u0142a o usuni\u0119cie flagi Konfederacji ze stanowego parlamentu, gdy\u017c jest to \u201esymbol, kt\u00f3ry dzieli&#8221;. Kogo dzieli?\n&nbsp;<\/p>\n<p><strong>Prof. Ewa M. Thompson:<\/strong> Amerykanie, kt\u00f3rzy pochodz\u0105 ze stan\u00f3w po\u0142udniowych, uwa\u017caj\u0105 t\u0119 flag\u0119 za symbol swoich tradycji i historii. Natomiast ci, kt\u00f3rzy nie maj\u0105 przodk\u00f3w na Po\u0142udniu, s\u0105dz\u0105, \u017ce symbolizuje ona wy\u0142\u0105cznie niewolnictwo. Jednak wbrew temu, co twierdzi si\u0119 na P\u00f3\u0142nocy, wojna secesyjna by\u0142a sporem nie tylko o niewolnictwo, ale tak\u017ce na przyk\u0142ad o c\u0142a i podatki.<\/p><\/div><\/div>\n<a href='http:\/\/www.rp.pl\/artykul\/11,1210628-Flaga--pod-ktora-zyja-dzentelmeni.html' class='small-button smallred' target=\"_blank\"><span>PRZECZYTAJ CA\u0141Y WYWIAD<\/span><\/a>\n","protected":false},"excerpt":{"rendered":"<p>&#8220;Rzeczpospolita&#8221; opublikowa\u0142a wywiad z Dr. Ew\u0105 Thompson na temat flagi Konfederat\u00f3w:<\/p>\n","protected":false},"author":2,"featured_media":21947,"comment_status":"open","ping_status":"open","sticky":false,"template":"","format":"standard","meta":{"footnotes":""},"categories":[28,27],"tags":[],"class_list":["post-21946","post","type-post","status-publish","format-standard","has-post-thumbnail","hentry","category-articles-books","category-from-our-community"],"_links":{"self":[{"href":"https:\/\/forum-polonia-houston.com\/index.php?rest_route=\/wp\/v2\/posts\/21946","targetHints":{"allow":["GET"]}}],"collection":[{"href":"https:\/\/forum-polonia-houston.com\/index.php?rest_route=\/wp\/v2\/posts"}],"about":[{"href":"https:\/\/forum-polonia-houston.com\/index.php?rest_route=\/wp\/v2\/types\/post"}],"author":[{"embeddable":true,"href":"https:\/\/forum-polonia-houston.com\/index.php?rest_route=\/wp\/v2\/users\/2"}],"replies":[{"embeddable":true,"href":"https:\/\/forum-polonia-houston.com\/index.php?rest_route=%2Fwp%2Fv2%2Fcomments&post=21946"}],"version-history":[{"count":5,"href":"https:\/\/forum-polonia-houston.com\/index.php?rest_route=\/wp\/v2\/posts\/21946\/revisions"}],"predecessor-version":[{"id":21951,"href":"https:\/\/forum-polonia-houston.com\/index.php?rest_route=\/wp\/v2\/posts\/21946\/revisions\/21951"}],"wp:featuredmedia":[{"embeddable":true,"href":"https:\/\/forum-polonia-houston.com\/index.php?rest_route=\/wp\/v2\/media\/21947"}],"wp:attachment":[{"href":"https:\/\/forum-polonia-houston.com\/index.php?rest_route=%2Fwp%2Fv2%2Fmedia&parent=21946"}],"wp:term":[{"taxonomy":"category","embeddable":true,"href":"https:\/\/forum-polonia-houston.com\/index.php?rest_route=%2Fwp%2Fv2%2Fcategories&post=21946"},{"taxonomy":"post_tag","embeddable":true,"href":"https:\/\/forum-polonia-houston.com\/index.php?rest_route=%2Fwp%2Fv2%2Ftags&post=21946"}],"curies":[{"name":"wp","href":"https:\/\/api.w.org\/{rel}","templated":true}]}}